{"id":3201,"date":"2019-09-03T09:37:27","date_gmt":"2019-09-03T09:37:27","guid":{"rendered":"http:\/\/www.kultura-zwierzyniec.pl\/?p=3201"},"modified":"2019-12-05T09:43:05","modified_gmt":"2019-12-05T09:43:05","slug":"zapraszamy-na-spektakl-willa-rozin","status":"publish","type":"post","link":"https:\/\/kultura-zwierzyniec.pl\/starastrona\/zapraszamy-na-spektakl-willa-rozin\/","title":{"rendered":"Zapraszamy na spektakl &#8222;Willa R\u00f3zin&#8221;"},"content":{"rendered":"<p>Tematem plenerowego spektaklu &#8222;Willa R\u00f3zin&#8221; b\u0119dzie posta\u0107 R\u00f3\u017cy Zamoyskiej, opowiedziana poprzez dzieje willi od 1924 roku, ze szczeg\u00f3lnym uwzgl\u0119dnieniem lat 1938-1939 oraz czasu wojny. G\u0142\u00f3wn\u0105 osi\u0105 scenariusza b\u0119dzie pomoc R\u00f3\u017cy Zamoyskiej niesiona dzieciom z obozu przej\u015bciowego w Zwierzy\u0144cu. Re\u017cyserem spektaklu jest Bart\u0142omiej Miernik, wyst\u0119puj\u0105: Hubert Dyl, Monika Mielnicka, Nikola Palej, Adrian Tatrocki oraz dzieci i m\u0142odzie\u017c ze Zwierzy\u0144ca i okolic.<\/p>\n<p>Zapraszamy w niedziel\u0119, 8 wrze\u015bnia 2019, na godzin\u0119 20.00 przed will\u0119 na R\u00f3zinie.<\/p>\n<p><span style=\"color: #1c1e21;\"><span style=\"font-family: Helvetica, Arial, sans-serif;\"><span style=\"font-size: small;\">Spektakl Willa R\u00f3zin zosta\u0142 dofinansowany ze \u015brodk\u00f3w programu<\/span><\/span><\/span><br \/>\n<span style=\"color: #1c1e21;\"><span style=\"font-family: Helvetica, Arial, sans-serif;\"><span style=\"font-size: small;\">Dzia\u0142aj Lokalnie: Polsko-Ameryka\u0144skiej Fundacji Wolno\u015bci realizowanego przez Akademi\u0119 Rozwoju Filantropii w Polsce, Fundacje Fundusz Lokalny Ziemi Bi\u0142gorajskiej&#8221;<\/span><\/span><\/span><\/p>\n<p><a href=\"https:\/\/kultura-zwierzyniec.pl\/starastrona\/wp-content\/uploads\/2019\/12\/dzialaj_lokalnie_logo_rgb.jpg\"><img loading=\"lazy\" class=\"alignnone size-medium wp-image-3182\" src=\"https:\/\/kultura-zwierzyniec.pl\/starastrona\/wp-content\/uploads\/2019\/12\/dzialaj_lokalnie_logo_rgb-205x300.jpg\" alt=\"\" width=\"205\" height=\"300\" srcset=\"https:\/\/kultura-zwierzyniec.pl\/starastrona\/wp-content\/uploads\/2019\/12\/dzialaj_lokalnie_logo_rgb-205x300.jpg 205w, https:\/\/kultura-zwierzyniec.pl\/starastrona\/wp-content\/uploads\/2019\/12\/dzialaj_lokalnie_logo_rgb-768x1125.jpg 768w, https:\/\/kultura-zwierzyniec.pl\/starastrona\/wp-content\/uploads\/2019\/12\/dzialaj_lokalnie_logo_rgb-699x1024.jpg 699w\" sizes=\"(max-width: 205px) 100vw, 205px\" \/><\/a> <a href=\"https:\/\/kultura-zwierzyniec.pl\/starastrona\/wp-content\/uploads\/2019\/12\/plakat-premierowy.jpg\"><img loading=\"lazy\" class=\"alignnone size-medium wp-image-3200\" src=\"https:\/\/kultura-zwierzyniec.pl\/starastrona\/wp-content\/uploads\/2019\/12\/plakat-premierowy-212x300.jpg\" alt=\"\" width=\"212\" height=\"300\" srcset=\"https:\/\/kultura-zwierzyniec.pl\/starastrona\/wp-content\/uploads\/2019\/12\/plakat-premierowy-212x300.jpg 212w, https:\/\/kultura-zwierzyniec.pl\/starastrona\/wp-content\/uploads\/2019\/12\/plakat-premierowy.jpg 679w\" sizes=\"(max-width: 212px) 100vw, 212px\" \/><\/a><\/p>\n","protected":false},"excerpt":{"rendered":"<p>Tematem plenerowego spektaklu &#8222;Willa R\u00f3zin&#8221; b\u0119dzie posta\u0107 R\u00f3\u017cy Zamoyskiej, opowiedziana poprzez dzieje willi od 1924 roku, ze szczeg\u00f3lnym uwzgl\u0119dnieniem lat 1938-1939 oraz czasu wojny. G\u0142\u00f3wn\u0105 osi\u0105 scenariusza b\u0119dzie pomoc R\u00f3\u017cy Zamoyskiej niesiona dzieciom z obozu przej\u015bciowego w Zwierzy\u0144cu. Re\u017cyserem spektaklu jest Bart\u0142omiej Miernik, wyst\u0119puj\u0105: Hubert Dyl, Monika Mielnicka, Nikola Palej, Adrian Tatrocki oraz dzieci i &#8230; <a title=\"Zapraszamy na spektakl &#8222;Willa R\u00f3zin&#8221;\" class=\"read-more\" href=\"https:\/\/kultura-zwierzyniec.pl\/starastrona\/zapraszamy-na-spektakl-willa-rozin\/\">Czytaj dalej<span class=\"screen-reader-text\">Zapraszamy na spektakl &#8222;Willa R\u00f3zin&#8221;<\/span><\/a><\/p>\n","protected":false},"author":3,"featured_media":0,"comment_status":"closed","ping_status":"open","sticky":false,"template":"","format":"standard","meta":[],"categories":[37],"tags":[],"_links":{"self":[{"href":"https:\/\/kultura-zwierzyniec.pl\/starastrona\/wp-json\/wp\/v2\/posts\/3201"}],"collection":[{"href":"https:\/\/kultura-zwierzyniec.pl\/starastrona\/wp-json\/wp\/v2\/posts"}],"about":[{"href":"https:\/\/kultura-zwierzyniec.pl\/starastrona\/wp-json\/wp\/v2\/types\/post"}],"author":[{"embeddable":true,"href":"https:\/\/kultura-zwierzyniec.pl\/starastrona\/wp-json\/wp\/v2\/users\/3"}],"replies":[{"embeddable":true,"href":"https:\/\/kultura-zwierzyniec.pl\/starastrona\/wp-json\/wp\/v2\/comments?post=3201"}],"version-history":[{"count":1,"href":"https:\/\/kultura-zwierzyniec.pl\/starastrona\/wp-json\/wp\/v2\/posts\/3201\/revisions"}],"predecessor-version":[{"id":3202,"href":"https:\/\/kultura-zwierzyniec.pl\/starastrona\/wp-json\/wp\/v2\/posts\/3201\/revisions\/3202"}],"wp:attachment":[{"href":"https:\/\/kultura-zwierzyniec.pl\/starastrona\/wp-json\/wp\/v2\/media?parent=3201"}],"wp:term":[{"taxonomy":"category","embeddable":true,"href":"https:\/\/kultura-zwierzyniec.pl\/starastrona\/wp-json\/wp\/v2\/categories?post=3201"},{"taxonomy":"post_tag","embeddable":true,"href":"https:\/\/kultura-zwierzyniec.pl\/starastrona\/wp-json\/wp\/v2\/tags?post=3201"}],"curies":[{"name":"wp","href":"https:\/\/api.w.org\/{rel}","templated":true}]}}