{"id":2204,"date":"2018-07-08T13:26:57","date_gmt":"2018-07-08T13:26:57","guid":{"rendered":"http:\/\/www.kultura-zwierzyniec.pl\/?p=2204"},"modified":"2018-07-08T13:48:51","modified_gmt":"2018-07-08T13:48:51","slug":"zamojskie-dni-folkloru-3","status":"publish","type":"post","link":"https:\/\/kultura-zwierzyniec.pl\/starastrona\/zamojskie-dni-folkloru-3\/","title":{"rendered":"Zamojskie Dni Folkloru"},"content":{"rendered":"<h3>Starostwo Powiatowe w Zamo\u015bciu serdecznie zaprasza na <strong>XIX edycj\u0119 Zamojskich Dni Folkloru<\/strong>.<\/h3>\n<p>Zwierzyniecki dzieciniec <strong>Zespo\u0142u Szk\u00f3\u0142 Drzewnych i Ochrony \u015arodowiska<\/strong> przy ulicy <strong>Browarnej 1<\/strong> rozbrzmiewa\u0142 b\u0119dzie pie\u015bniami i przy\u015bpiewkami w wykonaniu zespo\u0142\u00f3w \u015bpiewaczych, folkowych, solist\u00f3w, kapel ludowych oraz ch\u00f3r\u00f3w z powiatu zamojskiego. A to wszystko <strong>15 lipca<\/strong> w godzinach <strong>12.00 &#8211; 18.00<\/strong>.<\/p>\n<p>\u017byczymy mi\u0142ej zabawy.<\/p>\n","protected":false},"excerpt":{"rendered":"<p>Starostwo Powiatowe w Zamo\u015bciu serdecznie zaprasza na XIX edycj\u0119 Zamojskich Dni Folkloru. Zwierzyniecki dzieciniec Zespo\u0142u Szk\u00f3\u0142 Drzewnych i Ochrony \u015arodowiska przy ulicy Browarnej 1 rozbrzmiewa\u0142 b\u0119dzie pie\u015bniami i przy\u015bpiewkami w wykonaniu zespo\u0142\u00f3w \u015bpiewaczych, folkowych, solist\u00f3w, kapel ludowych oraz ch\u00f3r\u00f3w z powiatu zamojskiego. A to wszystko 15 lipca w godzinach 12.00 &#8211; 18.00. \u017byczymy mi\u0142ej zabawy.<\/p>\n","protected":false},"author":3,"featured_media":0,"comment_status":"open","ping_status":"open","sticky":false,"template":"","format":"standard","meta":[],"categories":[37],"tags":[],"_links":{"self":[{"href":"https:\/\/kultura-zwierzyniec.pl\/starastrona\/wp-json\/wp\/v2\/posts\/2204"}],"collection":[{"href":"https:\/\/kultura-zwierzyniec.pl\/starastrona\/wp-json\/wp\/v2\/posts"}],"about":[{"href":"https:\/\/kultura-zwierzyniec.pl\/starastrona\/wp-json\/wp\/v2\/types\/post"}],"author":[{"embeddable":true,"href":"https:\/\/kultura-zwierzyniec.pl\/starastrona\/wp-json\/wp\/v2\/users\/3"}],"replies":[{"embeddable":true,"href":"https:\/\/kultura-zwierzyniec.pl\/starastrona\/wp-json\/wp\/v2\/comments?post=2204"}],"version-history":[{"count":3,"href":"https:\/\/kultura-zwierzyniec.pl\/starastrona\/wp-json\/wp\/v2\/posts\/2204\/revisions"}],"predecessor-version":[{"id":2207,"href":"https:\/\/kultura-zwierzyniec.pl\/starastrona\/wp-json\/wp\/v2\/posts\/2204\/revisions\/2207"}],"wp:attachment":[{"href":"https:\/\/kultura-zwierzyniec.pl\/starastrona\/wp-json\/wp\/v2\/media?parent=2204"}],"wp:term":[{"taxonomy":"category","embeddable":true,"href":"https:\/\/kultura-zwierzyniec.pl\/starastrona\/wp-json\/wp\/v2\/categories?post=2204"},{"taxonomy":"post_tag","embeddable":true,"href":"https:\/\/kultura-zwierzyniec.pl\/starastrona\/wp-json\/wp\/v2\/tags?post=2204"}],"curies":[{"name":"wp","href":"https:\/\/api.w.org\/{rel}","templated":true}]}}