{"id":2025,"date":"2018-03-27T19:06:33","date_gmt":"2018-03-27T19:06:33","guid":{"rendered":"http:\/\/www.kultura-zwierzyniec.pl\/?p=2025"},"modified":"2018-03-27T19:06:33","modified_gmt":"2018-03-27T19:06:33","slug":"akademia-fotografii-przyrodniczej-3","status":"publish","type":"post","link":"https:\/\/kultura-zwierzyniec.pl\/starastrona\/akademia-fotografii-przyrodniczej-3\/","title":{"rendered":"Akademia Fotografii Przyrodniczej"},"content":{"rendered":"<p>18-20 maja 2018 r., Zwierzyniec na Roztoczu (powiat zamojski, wojew\u00f3dztwo zamojskie)<\/p>\n<p>W programie:<br \/>\nWarsztaty fotograficzne sta<a href=\"https:\/\/kultura-zwierzyniec.pl\/starastrona\/wp-content\/uploads\/2018\/03\/WARSZTATY-facebook.jpg\"><img loading=\"lazy\" class=\"alignleft size-medium wp-image-2001\" src=\"https:\/\/kultura-zwierzyniec.pl\/starastrona\/wp-content\/uploads\/2018\/03\/WARSZTATY-facebook-300x212.jpg\" alt=\"\" width=\"300\" height=\"212\" srcset=\"https:\/\/kultura-zwierzyniec.pl\/starastrona\/wp-content\/uploads\/2018\/03\/WARSZTATY-facebook-300x212.jpg 300w, https:\/\/kultura-zwierzyniec.pl\/starastrona\/wp-content\/uploads\/2018\/03\/WARSZTATY-facebook-768x543.jpg 768w, https:\/\/kultura-zwierzyniec.pl\/starastrona\/wp-content\/uploads\/2018\/03\/WARSZTATY-facebook.jpg 886w\" sizes=\"(max-width: 300px) 100vw, 300px\" \/><\/a>cjonarne i terenowe, pokazy zdj\u0119\u0107 i diaporam. Prowadz\u0105cy warsztaty &#8211; Grzegorz Le\u015bniewski.<\/p>\n<p>Sw\u00f3j dorobek fotograficzny zaprezentuj\u0105:<br \/>\n1. Grzegorz Le\u015bniewski<br \/>\n2. Wies\u0142aw Lipiec<br \/>\n3. Rafa\u0142 Siek<br \/>\n4. Tadeusz Mierzwa<br \/>\n5. Andrzej Blacha<br \/>\n6. Micha\u0142 Korga<br \/>\n7. Prezentacja oferty firm KDM &#8211; foto i Proclub. Mo\u017cliwo\u015b\u0107 testowania sprz\u0119tu firm Nikon, Canon, Sigma, Fujifilm, Tamron.<\/p>\n<p>Cena: 690 z\u0142, cena zawiera noclegi i wy\u017cywienie.<\/p>\n<p>Rejestracja online<span style=\"color: #008000;\"><a style=\"color: #008000;\" href=\"https:\/\/goo.gl\/forms\/UYDbNI7NIFt7Ph5r1\" target=\"_blank\" rel=\"noopener noreferrer\">\u00a0tutaj<\/a><\/span><\/p>\n<p>&nbsp;<\/p>\n","protected":false},"excerpt":{"rendered":"<p>18-20 maja 2018 r., Zwierzyniec na Roztoczu (powiat zamojski, wojew\u00f3dztwo zamojskie) W programie: Warsztaty fotograficzne stacjonarne i terenowe, pokazy zdj\u0119\u0107 i diaporam. Prowadz\u0105cy warsztaty &#8211; Grzegorz Le\u015bniewski. Sw\u00f3j dorobek fotograficzny zaprezentuj\u0105: 1. Grzegorz Le\u015bniewski 2. Wies\u0142aw Lipiec 3. Rafa\u0142 Siek 4. Tadeusz Mierzwa 5. Andrzej Blacha 6. Micha\u0142 Korga 7. Prezentacja oferty firm KDM &#8211; &#8230; <a title=\"Akademia Fotografii Przyrodniczej\" class=\"read-more\" href=\"https:\/\/kultura-zwierzyniec.pl\/starastrona\/akademia-fotografii-przyrodniczej-3\/\">Czytaj dalej<span class=\"screen-reader-text\">Akademia Fotografii Przyrodniczej<\/span><\/a><\/p>\n","protected":false},"author":3,"featured_media":0,"comment_status":"open","ping_status":"open","sticky":false,"template":"","format":"standard","meta":[],"categories":[1],"tags":[],"_links":{"self":[{"href":"https:\/\/kultura-zwierzyniec.pl\/starastrona\/wp-json\/wp\/v2\/posts\/2025"}],"collection":[{"href":"https:\/\/kultura-zwierzyniec.pl\/starastrona\/wp-json\/wp\/v2\/posts"}],"about":[{"href":"https:\/\/kultura-zwierzyniec.pl\/starastrona\/wp-json\/wp\/v2\/types\/post"}],"author":[{"embeddable":true,"href":"https:\/\/kultura-zwierzyniec.pl\/starastrona\/wp-json\/wp\/v2\/users\/3"}],"replies":[{"embeddable":true,"href":"https:\/\/kultura-zwierzyniec.pl\/starastrona\/wp-json\/wp\/v2\/comments?post=2025"}],"version-history":[{"count":3,"href":"https:\/\/kultura-zwierzyniec.pl\/starastrona\/wp-json\/wp\/v2\/posts\/2025\/revisions"}],"predecessor-version":[{"id":2028,"href":"https:\/\/kultura-zwierzyniec.pl\/starastrona\/wp-json\/wp\/v2\/posts\/2025\/revisions\/2028"}],"wp:attachment":[{"href":"https:\/\/kultura-zwierzyniec.pl\/starastrona\/wp-json\/wp\/v2\/media?parent=2025"}],"wp:term":[{"taxonomy":"category","embeddable":true,"href":"https:\/\/kultura-zwierzyniec.pl\/starastrona\/wp-json\/wp\/v2\/categories?post=2025"},{"taxonomy":"post_tag","embeddable":true,"href":"https:\/\/kultura-zwierzyniec.pl\/starastrona\/wp-json\/wp\/v2\/tags?post=2025"}],"curies":[{"name":"wp","href":"https:\/\/api.w.org\/{rel}","templated":true}]}}