{"id":1737,"date":"2017-10-03T09:13:23","date_gmt":"2017-10-03T09:13:23","guid":{"rendered":"http:\/\/www.kultura-zwierzyniec.pl\/?p=1737"},"modified":"2017-10-03T09:13:23","modified_gmt":"2017-10-03T09:13:23","slug":"zwierzyniecka-kronika-mieszkancow","status":"publish","type":"post","link":"https:\/\/kultura-zwierzyniec.pl\/starastrona\/zwierzyniecka-kronika-mieszkancow\/","title":{"rendered":"Zwierzyniecka Kronika Mieszka\u0144c\u00f3w"},"content":{"rendered":"<p>Przy wsparciu dotacji w konkursie Dzia\u0142aj Lokalnie 2017, nieformalna grupa \u201eJuniorzy i Seniorzy\u201d dzia\u0142aj\u0105ca przy Centrum Kultury zbiera stare zdj\u0119cia ze Zwierzy\u0144ca i okolic celem wydania Zwierzynieckiej Kroniki Mieszka\u0144c\u00f3w. Kronika ma zwiera\u0107 dawne zdj\u0119cia \u015blubne, ze \u015bwi\u0105t i uroczysto\u015bci oraz dokumentuj\u0105ce codzienne \u017cycie. Centrum Kultury i Biblioteka Publiczna w Zwierzy\u0144cu zwraca si\u0119 z pro\u015bb\u0105 do mieszka\u0144c\u00f3w gminy Zwierzyniec o udost\u0119pnianie zdj\u0119\u0107 z domowych archiw\u00f3w. Prosimy o kontakt z Punktem Informacji Turystycznej, dzia\u0142aj\u0105cym od poniedzia\u0142ku do pi\u0105tku w godzinach 8.00-16.00 oraz pod numerem telefonu 84 687 26 60.<br \/>\n<!--more--><\/p>\n<p>Zwierzyniecka Kronika Mieszka\u0144c\u00f3w jest cz\u0119\u015bci\u0105 projektu, kt\u00f3rego celem jest pobudzenie aktywno\u015bci os\u00f3b starszych i odtworzenie wi\u0119zi mi\u0119dzypokoleniowych. Projekt zak\u0142ada ponadto organizacj\u0119 spotka\u0144 i warsztat\u00f3w dla senior\u00f3w i m\u0142odzie\u017cy:<br \/>\n&#8211; integracyjne spotkania m\u0142odych i senior\u00f3w, wsp\u00f3lne spotkania przy herbacie i r\u0119kodziele,<br \/>\n&#8211; warsztaty rozwoju osobistego dla senior\u00f3w, podczas kt\u00f3rych b\u0119dzie poruszana tematyka samooceny, poczucia bycia potrzebnym, \u0107wiczenia pozytywnego my\u015blenia czy te\u017c budowanie asertywnej postawy,<br \/>\n&#8211; warsztaty dobrej komunikacji mi\u0119dzypokoleniowej, kt\u00f3re pomog\u0105 porozumie\u0107 si\u0119 mi\u0119dzy seniorami a osobami m\u0142odymi,<br \/>\n&#8211; spotkanie \u201eM\u0142odzi dla senior\u00f3w\u201d, podczas kt\u00f3rego m\u0142odzi ludzie wprowadz\u0105 senior\u00f3w w sw\u00f3j \u015bwiat i zrozumiale o nim opowiedz\u0105, o swoich pasjach, poka\u017c\u0105 jak u\u017cywa\u0107 komputer i nowoczesny telefon.<br \/>\nZapraszamy do \u015bledzenia informacji o kolejnych wydarzeniach na stronie internetowej Centrum Kultury www.kultura-zwierzyniec.pl oraz na profilu FB Centrum Kultury i Biblioteka Publiczna w Zwierzy\u0144cu.<\/p>\n<p>Dofinansowano ze \u015brodk\u00f3w Programu \u201eDzia\u0142aj Lokalnie X\u201d Polsko-Ameryka\u0144skiej Fundacji Wolno\u015bci realizowanego przez Akademi\u0119 Rozwoju Filantropii w Polsce oraz O\u015brodka Dzia\u0142aj Lokalnie Fundacj\u0119 Fundusz Lokalny Ziemi Bi\u0142gorajskiej i partner\u00f3w Gmin\u0119 Bi\u0142goraj oraz Miasto Gmina Bi\u0142goraj.<br \/>\n<a href=\"https:\/\/kultura-zwierzyniec.pl\/starastrona\/wp-content\/uploads\/2017\/10\/dzialaj_lokalnie_logo_rgb.jpg\"><img loading=\"lazy\" class=\"alignleft size-medium wp-image-1739\" src=\"https:\/\/kultura-zwierzyniec.pl\/starastrona\/wp-content\/uploads\/2017\/10\/dzialaj_lokalnie_logo_rgb-205x300.jpg\" alt=\"\" width=\"205\" height=\"300\" srcset=\"https:\/\/kultura-zwierzyniec.pl\/starastrona\/wp-content\/uploads\/2017\/10\/dzialaj_lokalnie_logo_rgb-205x300.jpg 205w, https:\/\/kultura-zwierzyniec.pl\/starastrona\/wp-content\/uploads\/2017\/10\/dzialaj_lokalnie_logo_rgb-768x1125.jpg 768w, https:\/\/kultura-zwierzyniec.pl\/starastrona\/wp-content\/uploads\/2017\/10\/dzialaj_lokalnie_logo_rgb-699x1024.jpg 699w\" sizes=\"(max-width: 205px) 100vw, 205px\" \/><\/a><br \/>\n<a href=\"https:\/\/kultura-zwierzyniec.pl\/starastrona\/wp-content\/uploads\/2017\/10\/logo_FLZB_2010.jpg\"><img loading=\"lazy\" class=\"alignleft size-medium wp-image-1740\" src=\"https:\/\/kultura-zwierzyniec.pl\/starastrona\/wp-content\/uploads\/2017\/10\/logo_FLZB_2010-300x74.jpg\" alt=\"\" width=\"300\" height=\"74\" srcset=\"https:\/\/kultura-zwierzyniec.pl\/starastrona\/wp-content\/uploads\/2017\/10\/logo_FLZB_2010-300x74.jpg 300w, https:\/\/kultura-zwierzyniec.pl\/starastrona\/wp-content\/uploads\/2017\/10\/logo_FLZB_2010-768x190.jpg 768w, https:\/\/kultura-zwierzyniec.pl\/starastrona\/wp-content\/uploads\/2017\/10\/logo_FLZB_2010-1024x253.jpg 1024w, https:\/\/kultura-zwierzyniec.pl\/starastrona\/wp-content\/uploads\/2017\/10\/logo_FLZB_2010.jpg 1495w\" sizes=\"(max-width: 300px) 100vw, 300px\" \/><\/a><\/p>\n","protected":false},"excerpt":{"rendered":"<p>Przy wsparciu dotacji w konkursie Dzia\u0142aj Lokalnie 2017, nieformalna grupa \u201eJuniorzy i Seniorzy\u201d dzia\u0142aj\u0105ca przy Centrum Kultury zbiera stare zdj\u0119cia ze Zwierzy\u0144ca i okolic celem wydania Zwierzynieckiej Kroniki Mieszka\u0144c\u00f3w. Kronika ma zwiera\u0107 dawne zdj\u0119cia \u015blubne, ze \u015bwi\u0105t i uroczysto\u015bci oraz dokumentuj\u0105ce codzienne \u017cycie. Centrum Kultury i Biblioteka Publiczna w Zwierzy\u0144cu zwraca si\u0119 z pro\u015bb\u0105 do &#8230; <a title=\"Zwierzyniecka Kronika Mieszka\u0144c\u00f3w\" class=\"read-more\" href=\"https:\/\/kultura-zwierzyniec.pl\/starastrona\/zwierzyniecka-kronika-mieszkancow\/\">Czytaj dalej<span class=\"screen-reader-text\">Zwierzyniecka Kronika Mieszka\u0144c\u00f3w<\/span><\/a><\/p>\n","protected":false},"author":3,"featured_media":0,"comment_status":"open","ping_status":"open","sticky":false,"template":"","format":"standard","meta":[],"categories":[1],"tags":[],"_links":{"self":[{"href":"https:\/\/kultura-zwierzyniec.pl\/starastrona\/wp-json\/wp\/v2\/posts\/1737"}],"collection":[{"href":"https:\/\/kultura-zwierzyniec.pl\/starastrona\/wp-json\/wp\/v2\/posts"}],"about":[{"href":"https:\/\/kultura-zwierzyniec.pl\/starastrona\/wp-json\/wp\/v2\/types\/post"}],"author":[{"embeddable":true,"href":"https:\/\/kultura-zwierzyniec.pl\/starastrona\/wp-json\/wp\/v2\/users\/3"}],"replies":[{"embeddable":true,"href":"https:\/\/kultura-zwierzyniec.pl\/starastrona\/wp-json\/wp\/v2\/comments?post=1737"}],"version-history":[{"count":2,"href":"https:\/\/kultura-zwierzyniec.pl\/starastrona\/wp-json\/wp\/v2\/posts\/1737\/revisions"}],"predecessor-version":[{"id":1741,"href":"https:\/\/kultura-zwierzyniec.pl\/starastrona\/wp-json\/wp\/v2\/posts\/1737\/revisions\/1741"}],"wp:attachment":[{"href":"https:\/\/kultura-zwierzyniec.pl\/starastrona\/wp-json\/wp\/v2\/media?parent=1737"}],"wp:term":[{"taxonomy":"category","embeddable":true,"href":"https:\/\/kultura-zwierzyniec.pl\/starastrona\/wp-json\/wp\/v2\/categories?post=1737"},{"taxonomy":"post_tag","embeddable":true,"href":"https:\/\/kultura-zwierzyniec.pl\/starastrona\/wp-json\/wp\/v2\/tags?post=1737"}],"curies":[{"name":"wp","href":"https:\/\/api.w.org\/{rel}","templated":true}]}}